{"id":4297,"date":"2024-04-04T11:18:36","date_gmt":"2024-04-04T11:18:36","guid":{"rendered":"https:\/\/mazaroca.com\/es\/?p=4297"},"modified":"2024-04-16T11:30:51","modified_gmt":"2024-04-16T11:30:51","slug":"a-casa-de-rosa-de-mazaroca-participa-ningunha-nova-edicion-da-festa-do-mar-de-vilaboa","status":"publish","type":"post","link":"https:\/\/mazaroca.com\/en\/a-casa-de-rosa-de-mazaroca-participa-ningunha-nova-edicion-da-festa-do-mar-de-vilaboa\/","title":{"rendered":"A Casa de Rosa de Mazaroca participa na III Festa do Mar de Vilaboa"},"content":{"rendered":"\n<ul class=\"wp-block-social-links is-layout-flex wp-block-social-links-is-layout-flex\">\n\n\n\n<\/ul>\n\n\n\n<p>A <a href=\"http:\/\/www.mazaroca.com\">Casa de Rosa de Mazaroca<\/a> volve, un ano m\u00e1is, a participar na Festa do Mar de Vilaboa, organizada polo <a href=\"https:\/\/vilaboa.gal\/es\/inicio_es\/\">Concello de Vilaboa<\/a>. Este ano, ter\u00e1 lugar o 13 e 14 de xullo no Adro das Festas de San Adri\u00e1n.<\/p>\n\n\n\n<p class=\"has-text-align-justify\">Os protagonistas da III Festa do Mar de Vilaboa, que se consolida con esta nova convocatoria na axenda gastron\u00f3mica do territorio, ser\u00e1n os produtos da nosa r\u00eda. Este ano haber\u00e1 choco, mexill\u00f3n e, como novidade, cornicha.<\/p>\n\n\n\n<p class=\"has-text-align-justify\">A elaboraci\u00f3n destos pratos que far\u00e1n as delicias dos asistentes correr\u00e1 a cargo de diversos negocios de restauraci\u00f3n do municipio, entre os que nos atopamos. E para dar m\u00e1is emoci\u00f3n a esta cita celebrarase un concurso no que se entregar\u00e1n tres premios as receitas co mellor sabor, innovaci\u00f3n e presentaci\u00f3n. <\/p>\n\n\n\n<p class=\"has-text-align-justify\">As raci\u00f3ns ter\u00e1n prezos populares que, cabe destacar, ser\u00e1n os mesmos do ano pasado. Deste xeito, o prato de ameixa saldr\u00e1 por 6\u20ac, mentres que o de mexill\u00f3n estar\u00e1 a 5\u20ac e o de mexill\u00f3n a 3.5\u20ac.<\/p>\n\n\n\n<p class=\"has-text-align-justify\">Tam\u00e9n haber\u00e1 troula, amenizada pola Banda de Gaitas y Baile Aires de Cobres, Fanfarria Taquekardia e Bregadiers. <\/p>\n\n\n\n<p class=\"has-text-align-justify\"><\/p>\n\n\n\n<p><\/p>\n","protected":false},"excerpt":{"rendered":"<p>A Casa de Rosa de Mazaroca volve, un ano m\u00e1is, a participar na Festa do Mar de Vilaboa, organizada polo Concello de Vilaboa. Este ano, ter\u00e1 lugar o 13 e 14 de xullo no Adro das Festas de San Adri\u00e1n. Os protagonistas da III Festa do Mar de Vilaboa, que se consolida con esta nova&#8230;<\/p>\n","protected":false},"author":1,"featured_media":4301,"comment_status":"open","ping_status":"open","sticky":false,"template":"","format":"standard","meta":{"_mi_skip_tracking":false,"_monsterinsights_sitenote_active":false,"_monsterinsights_sitenote_note":"","_monsterinsights_sitenote_category":0,"_jetpack_memberships_contains_paid_content":false,"footnotes":""},"categories":[53],"tags":[],"yoast_head":"<!-- This site is optimized with the Yoast SEO plugin v17.5 - https:\/\/yoast.com\/wordpress\/plugins\/seo\/ -->\n<title>A Casa de Rosa de Mazaroca participa na III Festa do Mar de Vilaboa - A Casa de Rosa de Mazaroca<\/title>\n<meta name=\"robots\" content=\"index, follow, max-snippet:-1, max-image-preview:large, max-video-preview:-1\" \/>\n<link rel=\"canonical\" href=\"https:\/\/mazaroca.com\/a-casa-de-rosa-de-mazaroca-participa-ningunha-nova-edicion-da-festa-do-mar-de-vilaboa\/\" \/>\n<meta property=\"og:locale\" content=\"en_GB\" \/>\n<meta property=\"og:locale:alternate\" content=\"es_ES\" \/>\n<meta property=\"og:locale:alternate\" content=\"gl_ES\" \/>\n<meta property=\"og:locale:alternate\" content=\"fr_FR\" \/>\n<meta property=\"og:type\" content=\"article\" \/>\n<meta property=\"og:title\" content=\"A Casa de Rosa de Mazaroca participa na III Festa do Mar de Vilaboa\" \/>\n<meta property=\"og:description\" content=\"A Casa de Rosa de Mazaroca volve, un ano m\u00e1is, a participar na Festa do Mar de Vilaboa, organizada polo Concello de Vilaboa. Este ano, ter\u00e1 lugar o 13 e 14 de xullo no Adro das Festas de San Adri\u00e1n. Os protagonistas da III Festa do Mar de Vilaboa, que se consolida con esta nova...\" \/>\n<meta property=\"og:url\" content=\"https:\/\/mazaroca.com\/en\/a-casa-de-rosa-de-mazaroca-participa-ningunha-nova-edicion-da-festa-do-mar-de-vilaboa\/\" \/>\n<meta property=\"og:site_name\" content=\"A Casa de Rosa de Mazaroca\" \/>\n<meta property=\"article:publisher\" content=\"https:\/\/www.facebook.com\/RosaMazaroca\" \/>\n<meta property=\"article:published_time\" content=\"2024-04-04T11:18:36+00:00\" \/>\n<meta property=\"article:modified_time\" content=\"2024-04-16T11:30:51+00:00\" \/>\n<meta property=\"og:image\" content=\"https:\/\/mazaroca.com\/wp-content\/uploads\/2024\/04\/Mazaroca-cartel-Festa-do-Mar-Vilaboa.png\" \/>\n\t<meta property=\"og:image:width\" content=\"585\" \/>\n\t<meta property=\"og:image:height\" content=\"553\" \/>\n<meta name=\"twitter:card\" content=\"summary_large_image\" \/>\n<meta name=\"twitter:creator\" content=\"@RosaMazaroca\" \/>\n<meta name=\"twitter:site\" content=\"@RosaMazaroca\" \/>\n<meta name=\"twitter:label1\" content=\"Written by\" \/>\n\t<meta name=\"twitter:data1\" content=\"admin\" \/>\n\t<meta name=\"twitter:label2\" content=\"Estimated reading time\" \/>\n\t<meta name=\"twitter:data2\" content=\"3 minutes\" \/>\n<script type=\"application\/ld+json\" class=\"yoast-schema-graph\">{\"@context\":\"https:\/\/schema.org\",\"@graph\":[{\"@type\":\"Organization\",\"@id\":\"https:\/\/mazaroca.com\/#organization\",\"name\":\"A Casa de Rosa de Mazaroca\",\"url\":\"https:\/\/mazaroca.com\/\",\"sameAs\":[\"https:\/\/www.facebook.com\/RosaMazaroca\",\"http:\/\/www.instagram.com\/rosamazaroca\",\"https:\/\/twitter.com\/RosaMazaroca\"],\"logo\":{\"@type\":\"ImageObject\",\"@id\":\"https:\/\/mazaroca.com\/#logo\",\"inLanguage\":\"en-GB\",\"url\":\"https:\/\/mazaroca.com\/wp-content\/uploads\/2018\/12\/logo-mazaroca-1.jpg\",\"contentUrl\":\"https:\/\/mazaroca.com\/wp-content\/uploads\/2018\/12\/logo-mazaroca-1.jpg\",\"width\":675,\"height\":89,\"caption\":\"A Casa de Rosa de Mazaroca\"},\"image\":{\"@id\":\"https:\/\/mazaroca.com\/#logo\"}},{\"@type\":\"WebSite\",\"@id\":\"https:\/\/mazaroca.com\/#website\",\"url\":\"https:\/\/mazaroca.com\/\",\"name\":\"A Casa de Rosa de Mazaroca\",\"description\":\"Traditional Galician food restaurant with an innovative touch\",\"publisher\":{\"@id\":\"https:\/\/mazaroca.com\/#organization\"},\"potentialAction\":[{\"@type\":\"SearchAction\",\"target\":{\"@type\":\"EntryPoint\",\"urlTemplate\":\"https:\/\/mazaroca.com\/?s={search_term_string}\"},\"query-input\":\"required name=search_term_string\"}],\"inLanguage\":\"en-GB\"},{\"@type\":\"ImageObject\",\"@id\":\"https:\/\/mazaroca.com\/a-casa-de-rosa-de-mazaroca-participa-ningunha-nova-edicion-da-festa-do-mar-de-vilaboa\/#primaryimage\",\"inLanguage\":\"en-GB\",\"url\":\"https:\/\/mazaroca.com\/wp-content\/uploads\/2024\/04\/Mazaroca-cartel-Festa-do-Mar-Vilaboa.png\",\"contentUrl\":\"https:\/\/mazaroca.com\/wp-content\/uploads\/2024\/04\/Mazaroca-cartel-Festa-do-Mar-Vilaboa.png\",\"width\":585,\"height\":553},{\"@type\":[\"WebPage\",\"ItemPage\"],\"@id\":\"https:\/\/mazaroca.com\/a-casa-de-rosa-de-mazaroca-participa-ningunha-nova-edicion-da-festa-do-mar-de-vilaboa\/#webpage\",\"url\":\"https:\/\/mazaroca.com\/a-casa-de-rosa-de-mazaroca-participa-ningunha-nova-edicion-da-festa-do-mar-de-vilaboa\/\",\"name\":\"[:es]A Casa de Rosa de Mazaroca participa en III Festa do Mar de Vilaboa[:gl]A Casa de Rosa de Mazaroca participa na III Festa do Mar de Vilaboa[:] - A Casa de Rosa de Mazaroca\",\"isPartOf\":{\"@id\":\"https:\/\/mazaroca.com\/#website\"},\"primaryImageOfPage\":{\"@id\":\"https:\/\/mazaroca.com\/a-casa-de-rosa-de-mazaroca-participa-ningunha-nova-edicion-da-festa-do-mar-de-vilaboa\/#primaryimage\"},\"datePublished\":\"2024-04-04T11:18:36+00:00\",\"dateModified\":\"2024-04-16T11:30:51+00:00\",\"breadcrumb\":{\"@id\":\"https:\/\/mazaroca.com\/a-casa-de-rosa-de-mazaroca-participa-ningunha-nova-edicion-da-festa-do-mar-de-vilaboa\/#breadcrumb\"},\"inLanguage\":\"en-GB\",\"potentialAction\":[{\"@type\":\"ReadAction\",\"target\":[\"https:\/\/mazaroca.com\/a-casa-de-rosa-de-mazaroca-participa-ningunha-nova-edicion-da-festa-do-mar-de-vilaboa\/\"]}]},{\"@type\":\"BreadcrumbList\",\"@id\":\"https:\/\/mazaroca.com\/a-casa-de-rosa-de-mazaroca-participa-ningunha-nova-edicion-da-festa-do-mar-de-vilaboa\/#breadcrumb\",\"itemListElement\":[{\"@type\":\"ListItem\",\"position\":1,\"name\":\"Portada\",\"item\":\"https:\/\/mazaroca.com\/es\/\"},{\"@type\":\"ListItem\",\"position\":2,\"name\":\"A Casa de Rosa de Mazaroca participa na III Festa do Mar de Vilaboa\"}]},{\"@type\":\"Article\",\"@id\":\"https:\/\/mazaroca.com\/a-casa-de-rosa-de-mazaroca-participa-ningunha-nova-edicion-da-festa-do-mar-de-vilaboa\/#article\",\"isPartOf\":{\"@id\":\"https:\/\/mazaroca.com\/a-casa-de-rosa-de-mazaroca-participa-ningunha-nova-edicion-da-festa-do-mar-de-vilaboa\/#webpage\"},\"author\":{\"@id\":\"https:\/\/mazaroca.com\/#\/schema\/person\/ecef9fd3cc6bfa8a909be0e2673d70a2\"},\"headline\":\"A Casa de Rosa de Mazaroca participa na III Festa do Mar de Vilaboa\",\"datePublished\":\"2024-04-04T11:18:36+00:00\",\"dateModified\":\"2024-04-16T11:30:51+00:00\",\"mainEntityOfPage\":{\"@id\":\"https:\/\/mazaroca.com\/a-casa-de-rosa-de-mazaroca-participa-ningunha-nova-edicion-da-festa-do-mar-de-vilaboa\/#webpage\"},\"wordCount\":639,\"commentCount\":0,\"publisher\":{\"@id\":\"https:\/\/mazaroca.com\/#organization\"},\"image\":{\"@id\":\"https:\/\/mazaroca.com\/a-casa-de-rosa-de-mazaroca-participa-ningunha-nova-edicion-da-festa-do-mar-de-vilaboa\/#primaryimage\"},\"thumbnailUrl\":\"https:\/\/mazaroca.com\/wp-content\/uploads\/2024\/04\/Mazaroca-cartel-Festa-do-Mar-Vilaboa.png\",\"articleSection\":[\"novas\"],\"inLanguage\":\"en-GB\",\"potentialAction\":[{\"@type\":\"CommentAction\",\"name\":\"Comment\",\"target\":[\"https:\/\/mazaroca.com\/a-casa-de-rosa-de-mazaroca-participa-ningunha-nova-edicion-da-festa-do-mar-de-vilaboa\/#respond\"]}]},{\"@type\":\"Person\",\"@id\":\"https:\/\/mazaroca.com\/#\/schema\/person\/ecef9fd3cc6bfa8a909be0e2673d70a2\",\"name\":\"admin\",\"image\":{\"@type\":\"ImageObject\",\"@id\":\"https:\/\/mazaroca.com\/#personlogo\",\"inLanguage\":\"en-GB\",\"url\":\"https:\/\/secure.gravatar.com\/avatar\/01ea53b80bc6e62bd13cbccdbba8cd97?s=96&d=blank&r=g\",\"contentUrl\":\"https:\/\/secure.gravatar.com\/avatar\/01ea53b80bc6e62bd13cbccdbba8cd97?s=96&d=blank&r=g\",\"caption\":\"admin\"},\"url\":\"https:\/\/mazaroca.com\/en\/author\/admin\/\"}]}<\/script>\n<!-- \/ Yoast SEO plugin. -->","yoast_head_json":{"title":"A Casa de Rosa de Mazaroca participa na III Festa do Mar de Vilaboa - A Casa de Rosa de Mazaroca","robots":{"index":"index","follow":"follow","max-snippet":"max-snippet:-1","max-image-preview":"max-image-preview:large","max-video-preview":"max-video-preview:-1"},"canonical":"https:\/\/mazaroca.com\/a-casa-de-rosa-de-mazaroca-participa-ningunha-nova-edicion-da-festa-do-mar-de-vilaboa\/","og_locale":"en_GB","og_type":"article","og_title":"[:es]A Casa de Rosa de Mazaroca participa en III Festa do Mar de Vilaboa[:gl]A Casa de Rosa de Mazaroca participa na III Festa do Mar de Vilaboa[:] - A Casa de Rosa de Mazaroca","og_description":"A Casa de Rosa de Mazaroca volve, un ano m\u00e1is, a participar na Festa do Mar de Vilaboa, organizada polo Concello de Vilaboa. Este ano, ter\u00e1 lugar o 13 e 14 de xullo no Adro das Festas de San Adri\u00e1n. Os protagonistas da III Festa do Mar de Vilaboa, que se consolida con esta nova...","og_url":"https:\/\/mazaroca.com\/en\/a-casa-de-rosa-de-mazaroca-participa-ningunha-nova-edicion-da-festa-do-mar-de-vilaboa\/","og_site_name":"A Casa de Rosa de Mazaroca","article_publisher":"https:\/\/www.facebook.com\/RosaMazaroca","article_published_time":"2024-04-04T11:18:36+00:00","article_modified_time":"2024-04-16T11:30:51+00:00","og_image":[{"width":585,"height":553,"url":"https:\/\/mazaroca.com\/wp-content\/uploads\/2024\/04\/Mazaroca-cartel-Festa-do-Mar-Vilaboa.png","type":"image\/png"}],"twitter_card":"summary_large_image","twitter_creator":"@RosaMazaroca","twitter_site":"@RosaMazaroca","twitter_misc":{"Written by":"admin","Estimated reading time":"3 minutes"},"schema":{"@context":"https:\/\/schema.org","@graph":[{"@type":"Organization","@id":"https:\/\/mazaroca.com\/#organization","name":"A Casa de Rosa de Mazaroca","url":"https:\/\/mazaroca.com\/","sameAs":["https:\/\/www.facebook.com\/RosaMazaroca","http:\/\/www.instagram.com\/rosamazaroca","https:\/\/twitter.com\/RosaMazaroca"],"logo":{"@type":"ImageObject","@id":"https:\/\/mazaroca.com\/#logo","inLanguage":"en-GB","url":"https:\/\/mazaroca.com\/wp-content\/uploads\/2018\/12\/logo-mazaroca-1.jpg","contentUrl":"https:\/\/mazaroca.com\/wp-content\/uploads\/2018\/12\/logo-mazaroca-1.jpg","width":675,"height":89,"caption":"A Casa de Rosa de Mazaroca"},"image":{"@id":"https:\/\/mazaroca.com\/#logo"}},{"@type":"WebSite","@id":"https:\/\/mazaroca.com\/#website","url":"https:\/\/mazaroca.com\/","name":"A Casa de Rosa de Mazaroca","description":"Traditional Galician food restaurant with an innovative touch","publisher":{"@id":"https:\/\/mazaroca.com\/#organization"},"potentialAction":[{"@type":"SearchAction","target":{"@type":"EntryPoint","urlTemplate":"https:\/\/mazaroca.com\/?s={search_term_string}"},"query-input":"required name=search_term_string"}],"inLanguage":"en-GB"},{"@type":"ImageObject","@id":"https:\/\/mazaroca.com\/a-casa-de-rosa-de-mazaroca-participa-ningunha-nova-edicion-da-festa-do-mar-de-vilaboa\/#primaryimage","inLanguage":"en-GB","url":"https:\/\/mazaroca.com\/wp-content\/uploads\/2024\/04\/Mazaroca-cartel-Festa-do-Mar-Vilaboa.png","contentUrl":"https:\/\/mazaroca.com\/wp-content\/uploads\/2024\/04\/Mazaroca-cartel-Festa-do-Mar-Vilaboa.png","width":585,"height":553},{"@type":["WebPage","ItemPage"],"@id":"https:\/\/mazaroca.com\/a-casa-de-rosa-de-mazaroca-participa-ningunha-nova-edicion-da-festa-do-mar-de-vilaboa\/#webpage","url":"https:\/\/mazaroca.com\/a-casa-de-rosa-de-mazaroca-participa-ningunha-nova-edicion-da-festa-do-mar-de-vilaboa\/","name":"[:es]A Casa de Rosa de Mazaroca participa en III Festa do Mar de Vilaboa[:gl]A Casa de Rosa de Mazaroca participa na III Festa do Mar de Vilaboa[:] - A Casa de Rosa de Mazaroca","isPartOf":{"@id":"https:\/\/mazaroca.com\/#website"},"primaryImageOfPage":{"@id":"https:\/\/mazaroca.com\/a-casa-de-rosa-de-mazaroca-participa-ningunha-nova-edicion-da-festa-do-mar-de-vilaboa\/#primaryimage"},"datePublished":"2024-04-04T11:18:36+00:00","dateModified":"2024-04-16T11:30:51+00:00","breadcrumb":{"@id":"https:\/\/mazaroca.com\/a-casa-de-rosa-de-mazaroca-participa-ningunha-nova-edicion-da-festa-do-mar-de-vilaboa\/#breadcrumb"},"inLanguage":"en-GB","potentialAction":[{"@type":"ReadAction","target":["https:\/\/mazaroca.com\/a-casa-de-rosa-de-mazaroca-participa-ningunha-nova-edicion-da-festa-do-mar-de-vilaboa\/"]}]},{"@type":"BreadcrumbList","@id":"https:\/\/mazaroca.com\/a-casa-de-rosa-de-mazaroca-participa-ningunha-nova-edicion-da-festa-do-mar-de-vilaboa\/#breadcrumb","itemListElement":[{"@type":"ListItem","position":1,"name":"Portada","item":"https:\/\/mazaroca.com\/es\/"},{"@type":"ListItem","position":2,"name":"A Casa de Rosa de Mazaroca participa na III Festa do Mar de Vilaboa"}]},{"@type":"Article","@id":"https:\/\/mazaroca.com\/a-casa-de-rosa-de-mazaroca-participa-ningunha-nova-edicion-da-festa-do-mar-de-vilaboa\/#article","isPartOf":{"@id":"https:\/\/mazaroca.com\/a-casa-de-rosa-de-mazaroca-participa-ningunha-nova-edicion-da-festa-do-mar-de-vilaboa\/#webpage"},"author":{"@id":"https:\/\/mazaroca.com\/#\/schema\/person\/ecef9fd3cc6bfa8a909be0e2673d70a2"},"headline":"A Casa de Rosa de Mazaroca participa na III Festa do Mar de Vilaboa","datePublished":"2024-04-04T11:18:36+00:00","dateModified":"2024-04-16T11:30:51+00:00","mainEntityOfPage":{"@id":"https:\/\/mazaroca.com\/a-casa-de-rosa-de-mazaroca-participa-ningunha-nova-edicion-da-festa-do-mar-de-vilaboa\/#webpage"},"wordCount":639,"commentCount":0,"publisher":{"@id":"https:\/\/mazaroca.com\/#organization"},"image":{"@id":"https:\/\/mazaroca.com\/a-casa-de-rosa-de-mazaroca-participa-ningunha-nova-edicion-da-festa-do-mar-de-vilaboa\/#primaryimage"},"thumbnailUrl":"https:\/\/mazaroca.com\/wp-content\/uploads\/2024\/04\/Mazaroca-cartel-Festa-do-Mar-Vilaboa.png","articleSection":["novas"],"inLanguage":"en-GB","potentialAction":[{"@type":"CommentAction","name":"Comment","target":["https:\/\/mazaroca.com\/a-casa-de-rosa-de-mazaroca-participa-ningunha-nova-edicion-da-festa-do-mar-de-vilaboa\/#respond"]}]},{"@type":"Person","@id":"https:\/\/mazaroca.com\/#\/schema\/person\/ecef9fd3cc6bfa8a909be0e2673d70a2","name":"admin","image":{"@type":"ImageObject","@id":"https:\/\/mazaroca.com\/#personlogo","inLanguage":"en-GB","url":"https:\/\/secure.gravatar.com\/avatar\/01ea53b80bc6e62bd13cbccdbba8cd97?s=96&d=blank&r=g","contentUrl":"https:\/\/secure.gravatar.com\/avatar\/01ea53b80bc6e62bd13cbccdbba8cd97?s=96&d=blank&r=g","caption":"admin"},"url":"https:\/\/mazaroca.com\/en\/author\/admin\/"}]}},"jetpack_featured_media_url":"https:\/\/mazaroca.com\/wp-content\/uploads\/2024\/04\/Mazaroca-cartel-Festa-do-Mar-Vilaboa.png","jetpack_likes_enabled":true,"jetpack_sharing_enabled":true,"_links":{"self":[{"href":"https:\/\/mazaroca.com\/en\/wp-json\/wp\/v2\/posts\/4297"}],"collection":[{"href":"https:\/\/mazaroca.com\/en\/wp-json\/wp\/v2\/posts"}],"about":[{"href":"https:\/\/mazaroca.com\/en\/wp-json\/wp\/v2\/types\/post"}],"author":[{"embeddable":true,"href":"https:\/\/mazaroca.com\/en\/wp-json\/wp\/v2\/users\/1"}],"replies":[{"embeddable":true,"href":"https:\/\/mazaroca.com\/en\/wp-json\/wp\/v2\/comments?post=4297"}],"version-history":[{"count":20,"href":"https:\/\/mazaroca.com\/en\/wp-json\/wp\/v2\/posts\/4297\/revisions"}],"predecessor-version":[{"id":4346,"href":"https:\/\/mazaroca.com\/en\/wp-json\/wp\/v2\/posts\/4297\/revisions\/4346"}],"wp:featuredmedia":[{"embeddable":true,"href":"https:\/\/mazaroca.com\/en\/wp-json\/wp\/v2\/media\/4301"}],"wp:attachment":[{"href":"https:\/\/mazaroca.com\/en\/wp-json\/wp\/v2\/media?parent=4297"}],"wp:term":[{"taxonomy":"category","embeddable":true,"href":"https:\/\/mazaroca.com\/en\/wp-json\/wp\/v2\/categories?post=4297"},{"taxonomy":"post_tag","embeddable":true,"href":"https:\/\/mazaroca.com\/en\/wp-json\/wp\/v2\/tags?post=4297"}],"curies":[{"name":"wp","href":"https:\/\/api.w.org\/{rel}","templated":true}]}}