{"id":1641,"date":"2020-06-19T18:59:37","date_gmt":"2020-06-19T18:59:37","guid":{"rendered":"https:\/\/mazaroca.com\/?p=1641"},"modified":"2020-07-06T11:15:24","modified_gmt":"2020-07-06T11:15:24","slug":"san-xoan-na-mazaroca","status":"publish","type":"post","link":"https:\/\/mazaroca.com\/es\/san-xoan-na-mazaroca\/","title":{"rendered":"San Ju\u00e1n en la Mazaroca"},"content":{"rendered":"\n<figure class=\"wp-block-image size-large\"><img loading=\"lazy\" decoding=\"async\" width=\"1024\" height=\"576\" src=\"https:\/\/mazaroca.com\/wp-content\/uploads\/2020\/06\/xeral-mazaroca-web-xun2020-1024x576.jpg\" alt=\"\" class=\"wp-image-1642\" srcset=\"https:\/\/mazaroca.com\/wp-content\/uploads\/2020\/06\/xeral-mazaroca-web-xun2020-1024x576.jpg 1024w, https:\/\/mazaroca.com\/wp-content\/uploads\/2020\/06\/xeral-mazaroca-web-xun2020-300x169.jpg 300w, https:\/\/mazaroca.com\/wp-content\/uploads\/2020\/06\/xeral-mazaroca-web-xun2020-768x432.jpg 768w, https:\/\/mazaroca.com\/wp-content\/uploads\/2020\/06\/xeral-mazaroca-web-xun2020-1536x864.jpg 1536w, https:\/\/mazaroca.com\/wp-content\/uploads\/2020\/06\/xeral-mazaroca-web-xun2020-2x1.jpg 2w, https:\/\/mazaroca.com\/wp-content\/uploads\/2020\/06\/xeral-mazaroca-web-xun2020.jpg 2000w\" sizes=\"(max-width: 1024px) 100vw, 1024px\" \/><\/figure>\n\n\n\n<p>En San Ju\u00e1n la sardina moja el pan\u2026. Y en la Casa de Rosa de Mazaroca tendr\u00e1s 2 sardinas con pan de ma\u00edz gratis.<img loading=\"lazy\" decoding=\"async\" height=\"16\" width=\"16\" alt=\"\ud83d\ude0d\" src=\"https:\/\/static.xx.fbcdn.net\/images\/emoji.php\/v9\/t2\/1\/16\/1f60d.png\"><img loading=\"lazy\" decoding=\"async\" height=\"16\" width=\"16\" alt=\"\ud83d\ude0b\" src=\"https:\/\/static.xx.fbcdn.net\/images\/emoji.php\/v9\/t0\/1\/16\/1f60b.png\"> El resto corre de tu cuenta. Oferta v\u00e1lida para la noche del 23 de junio.<\/p>\n\n\n\n<p>Aforo m\u00e1ximo en terraza 45 personas. Aforo m\u00e1ximo interior 35 personas.<\/p>\n\n\n\n<p>Por favor reservad, para evitar problemas de aforo.<img loading=\"lazy\" decoding=\"async\" height=\"16\" width=\"16\" alt=\"\ud83d\udcf1\" src=\"https:\/\/static.xx.fbcdn.net\/images\/emoji.php\/v9\/t57\/1\/16\/1f4f1.png\"> 986 061 415 \/ 620 516 960<\/p>\n","protected":false},"excerpt":{"rendered":"<p>En San Ju\u00e1n la sardina moja el pan\u2026. Y en la Casa de Rosa de Mazaroca tendr\u00e1s 2 sardinas con pan de ma\u00edz gratis. El resto corre de tu cuenta. Oferta v\u00e1lida para la noche del 23 de junio. Aforo m\u00e1ximo en terraza 45 personas. Aforo m\u00e1ximo interior 35 personas. Por favor reservad, para evitar&#8230;<\/p>\n","protected":false},"author":5,"featured_media":0,"comment_status":"closed","ping_status":"open","sticky":false,"template":"","format":"standard","meta":{"_mi_skip_tracking":false,"_monsterinsights_sitenote_active":false,"_monsterinsights_sitenote_note":"","_monsterinsights_sitenote_category":0,"_jetpack_memberships_contains_paid_content":false,"footnotes":""},"categories":[53],"tags":[],"yoast_head":"<!-- This site is optimized with the Yoast SEO plugin v17.5 - https:\/\/yoast.com\/wordpress\/plugins\/seo\/ -->\n<title>San Ju\u00e1n en la Mazaroca - A Casa de Rosa de Mazaroca<\/title>\n<meta name=\"robots\" content=\"index, follow, max-snippet:-1, max-image-preview:large, max-video-preview:-1\" \/>\n<link rel=\"canonical\" href=\"https:\/\/mazaroca.com\/fr\/san-xoan-na-mazaroca\/\" \/>\n<meta property=\"og:locale\" content=\"es_ES\" \/>\n<meta property=\"og:locale:alternate\" content=\"en_US\" \/>\n<meta property=\"og:locale:alternate\" content=\"gl_ES\" \/>\n<meta property=\"og:locale:alternate\" content=\"fr_FR\" \/>\n<meta property=\"og:type\" content=\"article\" \/>\n<meta property=\"og:title\" content=\"San Ju\u00e1n en la Mazaroca\" \/>\n<meta property=\"og:description\" content=\"En San Ju\u00e1n la sardina moja el pan\u2026. Y en la Casa de Rosa de Mazaroca tendr\u00e1s 2 sardinas con pan de ma\u00edz gratis. El resto corre de tu cuenta. Oferta v\u00e1lida para la noche del 23 de junio. Aforo m\u00e1ximo en terraza 45 personas. Aforo m\u00e1ximo interior 35 personas. Por favor reservad, para evitar...\" \/>\n<meta property=\"og:url\" content=\"https:\/\/mazaroca.com\/es\/san-xoan-na-mazaroca\/\" \/>\n<meta property=\"og:site_name\" content=\"A Casa de Rosa de Mazaroca\" \/>\n<meta property=\"article:publisher\" content=\"https:\/\/www.facebook.com\/RosaMazaroca\" \/>\n<meta property=\"article:published_time\" content=\"2020-06-19T18:59:37+00:00\" \/>\n<meta property=\"article:modified_time\" content=\"2020-07-06T11:15:24+00:00\" \/>\n<meta property=\"og:image\" content=\"https:\/\/mazaroca.com\/wp-content\/uploads\/2020\/06\/xeral-mazaroca-web-xun2020-1024x576.jpg\" \/>\n<meta name=\"twitter:card\" content=\"summary_large_image\" \/>\n<meta name=\"twitter:creator\" content=\"@RosaMazaroca\" \/>\n<meta name=\"twitter:site\" content=\"@RosaMazaroca\" \/>\n<meta name=\"twitter:label1\" content=\"Escrito por\" \/>\n\t<meta name=\"twitter:data1\" content=\"adminmazaroca\" \/>\n\t<meta name=\"twitter:label2\" content=\"Tiempo de lectura\" \/>\n\t<meta name=\"twitter:data2\" content=\"1 minuto\" \/>\n<script type=\"application\/ld+json\" class=\"yoast-schema-graph\">{\"@context\":\"https:\/\/schema.org\",\"@graph\":[{\"@type\":\"Organization\",\"@id\":\"https:\/\/mazaroca.com\/#organization\",\"name\":\"A Casa de Rosa de Mazaroca\",\"url\":\"https:\/\/mazaroca.com\/\",\"sameAs\":[\"https:\/\/www.facebook.com\/RosaMazaroca\",\"http:\/\/www.instagram.com\/rosamazaroca\",\"https:\/\/twitter.com\/RosaMazaroca\"],\"logo\":{\"@type\":\"ImageObject\",\"@id\":\"https:\/\/mazaroca.com\/#logo\",\"inLanguage\":\"es-ES\",\"url\":\"https:\/\/mazaroca.com\/wp-content\/uploads\/2018\/12\/logo-mazaroca-1.jpg\",\"contentUrl\":\"https:\/\/mazaroca.com\/wp-content\/uploads\/2018\/12\/logo-mazaroca-1.jpg\",\"width\":675,\"height\":89,\"caption\":\"A Casa de Rosa de Mazaroca\"},\"image\":{\"@id\":\"https:\/\/mazaroca.com\/#logo\"}},{\"@type\":\"WebSite\",\"@id\":\"https:\/\/mazaroca.com\/#website\",\"url\":\"https:\/\/mazaroca.com\/\",\"name\":\"A Casa de Rosa de Mazaroca\",\"description\":\"Restaurante de comida tradicional gallega con un toque innovador\",\"publisher\":{\"@id\":\"https:\/\/mazaroca.com\/#organization\"},\"potentialAction\":[{\"@type\":\"SearchAction\",\"target\":{\"@type\":\"EntryPoint\",\"urlTemplate\":\"https:\/\/mazaroca.com\/?s={search_term_string}\"},\"query-input\":\"required name=search_term_string\"}],\"inLanguage\":\"es-ES\"},{\"@type\":\"ImageObject\",\"@id\":\"https:\/\/mazaroca.com\/fr\/san-xoan-na-mazaroca\/#primaryimage\",\"inLanguage\":\"es-ES\",\"url\":\"https:\/\/mazaroca.com\/wp-content\/uploads\/2020\/06\/xeral-mazaroca-web-xun2020.jpg\",\"contentUrl\":\"https:\/\/mazaroca.com\/wp-content\/uploads\/2020\/06\/xeral-mazaroca-web-xun2020.jpg\",\"width\":2000,\"height\":1125},{\"@type\":\"WebPage\",\"@id\":\"https:\/\/mazaroca.com\/fr\/san-xoan-na-mazaroca\/#webpage\",\"url\":\"https:\/\/mazaroca.com\/fr\/san-xoan-na-mazaroca\/\",\"name\":\"[:es]San Ju\\u00e1n en la Mazaroca[:gl]San Xo\\u00e1n na Mazaroca[:] - A Casa de Rosa de Mazaroca\",\"isPartOf\":{\"@id\":\"https:\/\/mazaroca.com\/#website\"},\"primaryImageOfPage\":{\"@id\":\"https:\/\/mazaroca.com\/fr\/san-xoan-na-mazaroca\/#primaryimage\"},\"datePublished\":\"2020-06-19T18:59:37+00:00\",\"dateModified\":\"2020-07-06T11:15:24+00:00\",\"breadcrumb\":{\"@id\":\"https:\/\/mazaroca.com\/fr\/san-xoan-na-mazaroca\/#breadcrumb\"},\"inLanguage\":\"es-ES\",\"potentialAction\":[{\"@type\":\"ReadAction\",\"target\":[\"https:\/\/mazaroca.com\/fr\/san-xoan-na-mazaroca\/\"]}]},{\"@type\":\"BreadcrumbList\",\"@id\":\"https:\/\/mazaroca.com\/fr\/san-xoan-na-mazaroca\/#breadcrumb\",\"itemListElement\":[{\"@type\":\"ListItem\",\"position\":1,\"name\":\"Portada\",\"item\":\"https:\/\/mazaroca.com\/es\/\"},{\"@type\":\"ListItem\",\"position\":2,\"name\":\"San Ju\\u00e1n en la Mazaroca\"}]},{\"@type\":\"Article\",\"@id\":\"https:\/\/mazaroca.com\/fr\/san-xoan-na-mazaroca\/#article\",\"isPartOf\":{\"@id\":\"https:\/\/mazaroca.com\/fr\/san-xoan-na-mazaroca\/#webpage\"},\"author\":{\"@id\":\"https:\/\/mazaroca.com\/#\/schema\/person\/20cc7e7bf612e21d8f7dad8d33182f28\"},\"headline\":\"San Ju\\u00e1n en la Mazaroca\",\"datePublished\":\"2020-06-19T18:59:37+00:00\",\"dateModified\":\"2020-07-06T11:15:24+00:00\",\"mainEntityOfPage\":{\"@id\":\"https:\/\/mazaroca.com\/fr\/san-xoan-na-mazaroca\/#webpage\"},\"wordCount\":138,\"publisher\":{\"@id\":\"https:\/\/mazaroca.com\/#organization\"},\"image\":{\"@id\":\"https:\/\/mazaroca.com\/fr\/san-xoan-na-mazaroca\/#primaryimage\"},\"thumbnailUrl\":\"https:\/\/mazaroca.com\/wp-content\/uploads\/2020\/06\/xeral-mazaroca-web-xun2020-1024x576.jpg\",\"articleSection\":[\"novas\"],\"inLanguage\":\"es-ES\"},{\"@type\":\"Person\",\"@id\":\"https:\/\/mazaroca.com\/#\/schema\/person\/20cc7e7bf612e21d8f7dad8d33182f28\",\"name\":\"adminmazaroca\",\"image\":{\"@type\":\"ImageObject\",\"@id\":\"https:\/\/mazaroca.com\/#personlogo\",\"inLanguage\":\"es-ES\",\"url\":\"https:\/\/secure.gravatar.com\/avatar\/f98349c6bd8ffc0ba3c4d1737589f84e?s=96&d=blank&r=g\",\"contentUrl\":\"https:\/\/secure.gravatar.com\/avatar\/f98349c6bd8ffc0ba3c4d1737589f84e?s=96&d=blank&r=g\",\"caption\":\"adminmazaroca\"},\"url\":\"https:\/\/mazaroca.com\/es\/author\/adminmazaroca\/\"}]}<\/script>\n<!-- \/ Yoast SEO plugin. -->","yoast_head_json":{"title":"San Ju\u00e1n en la Mazaroca - A Casa de Rosa de Mazaroca","robots":{"index":"index","follow":"follow","max-snippet":"max-snippet:-1","max-image-preview":"max-image-preview:large","max-video-preview":"max-video-preview:-1"},"canonical":"https:\/\/mazaroca.com\/fr\/san-xoan-na-mazaroca\/","og_locale":"es_ES","og_type":"article","og_title":"[:es]San Ju\u00e1n en la Mazaroca[:gl]San Xo\u00e1n na Mazaroca[:] - A Casa de Rosa de Mazaroca","og_description":"En San Ju\u00e1n la sardina moja el pan\u2026. Y en la Casa de Rosa de Mazaroca tendr\u00e1s 2 sardinas con pan de ma\u00edz gratis. El resto corre de tu cuenta. Oferta v\u00e1lida para la noche del 23 de junio. Aforo m\u00e1ximo en terraza 45 personas. Aforo m\u00e1ximo interior 35 personas. Por favor reservad, para evitar...","og_url":"https:\/\/mazaroca.com\/es\/san-xoan-na-mazaroca\/","og_site_name":"A Casa de Rosa de Mazaroca","article_publisher":"https:\/\/www.facebook.com\/RosaMazaroca","article_published_time":"2020-06-19T18:59:37+00:00","article_modified_time":"2020-07-06T11:15:24+00:00","og_image":[{"url":"https:\/\/mazaroca.com\/wp-content\/uploads\/2020\/06\/xeral-mazaroca-web-xun2020-1024x576.jpg"}],"twitter_card":"summary_large_image","twitter_creator":"@RosaMazaroca","twitter_site":"@RosaMazaroca","twitter_misc":{"Escrito por":"adminmazaroca","Tiempo de lectura":"1 minuto"},"schema":{"@context":"https:\/\/schema.org","@graph":[{"@type":"Organization","@id":"https:\/\/mazaroca.com\/#organization","name":"A Casa de Rosa de Mazaroca","url":"https:\/\/mazaroca.com\/","sameAs":["https:\/\/www.facebook.com\/RosaMazaroca","http:\/\/www.instagram.com\/rosamazaroca","https:\/\/twitter.com\/RosaMazaroca"],"logo":{"@type":"ImageObject","@id":"https:\/\/mazaroca.com\/#logo","inLanguage":"es-ES","url":"https:\/\/mazaroca.com\/wp-content\/uploads\/2018\/12\/logo-mazaroca-1.jpg","contentUrl":"https:\/\/mazaroca.com\/wp-content\/uploads\/2018\/12\/logo-mazaroca-1.jpg","width":675,"height":89,"caption":"A Casa de Rosa de Mazaroca"},"image":{"@id":"https:\/\/mazaroca.com\/#logo"}},{"@type":"WebSite","@id":"https:\/\/mazaroca.com\/#website","url":"https:\/\/mazaroca.com\/","name":"A Casa de Rosa de Mazaroca","description":"Restaurante de comida tradicional gallega con un toque innovador","publisher":{"@id":"https:\/\/mazaroca.com\/#organization"},"potentialAction":[{"@type":"SearchAction","target":{"@type":"EntryPoint","urlTemplate":"https:\/\/mazaroca.com\/?s={search_term_string}"},"query-input":"required name=search_term_string"}],"inLanguage":"es-ES"},{"@type":"ImageObject","@id":"https:\/\/mazaroca.com\/fr\/san-xoan-na-mazaroca\/#primaryimage","inLanguage":"es-ES","url":"https:\/\/mazaroca.com\/wp-content\/uploads\/2020\/06\/xeral-mazaroca-web-xun2020.jpg","contentUrl":"https:\/\/mazaroca.com\/wp-content\/uploads\/2020\/06\/xeral-mazaroca-web-xun2020.jpg","width":2000,"height":1125},{"@type":"WebPage","@id":"https:\/\/mazaroca.com\/fr\/san-xoan-na-mazaroca\/#webpage","url":"https:\/\/mazaroca.com\/fr\/san-xoan-na-mazaroca\/","name":"[:es]San Ju\u00e1n en la Mazaroca[:gl]San Xo\u00e1n na Mazaroca[:] - A Casa de Rosa de Mazaroca","isPartOf":{"@id":"https:\/\/mazaroca.com\/#website"},"primaryImageOfPage":{"@id":"https:\/\/mazaroca.com\/fr\/san-xoan-na-mazaroca\/#primaryimage"},"datePublished":"2020-06-19T18:59:37+00:00","dateModified":"2020-07-06T11:15:24+00:00","breadcrumb":{"@id":"https:\/\/mazaroca.com\/fr\/san-xoan-na-mazaroca\/#breadcrumb"},"inLanguage":"es-ES","potentialAction":[{"@type":"ReadAction","target":["https:\/\/mazaroca.com\/fr\/san-xoan-na-mazaroca\/"]}]},{"@type":"BreadcrumbList","@id":"https:\/\/mazaroca.com\/fr\/san-xoan-na-mazaroca\/#breadcrumb","itemListElement":[{"@type":"ListItem","position":1,"name":"Portada","item":"https:\/\/mazaroca.com\/es\/"},{"@type":"ListItem","position":2,"name":"San Ju\u00e1n en la Mazaroca"}]},{"@type":"Article","@id":"https:\/\/mazaroca.com\/fr\/san-xoan-na-mazaroca\/#article","isPartOf":{"@id":"https:\/\/mazaroca.com\/fr\/san-xoan-na-mazaroca\/#webpage"},"author":{"@id":"https:\/\/mazaroca.com\/#\/schema\/person\/20cc7e7bf612e21d8f7dad8d33182f28"},"headline":"San Ju\u00e1n en la Mazaroca","datePublished":"2020-06-19T18:59:37+00:00","dateModified":"2020-07-06T11:15:24+00:00","mainEntityOfPage":{"@id":"https:\/\/mazaroca.com\/fr\/san-xoan-na-mazaroca\/#webpage"},"wordCount":138,"publisher":{"@id":"https:\/\/mazaroca.com\/#organization"},"image":{"@id":"https:\/\/mazaroca.com\/fr\/san-xoan-na-mazaroca\/#primaryimage"},"thumbnailUrl":"https:\/\/mazaroca.com\/wp-content\/uploads\/2020\/06\/xeral-mazaroca-web-xun2020-1024x576.jpg","articleSection":["novas"],"inLanguage":"es-ES"},{"@type":"Person","@id":"https:\/\/mazaroca.com\/#\/schema\/person\/20cc7e7bf612e21d8f7dad8d33182f28","name":"adminmazaroca","image":{"@type":"ImageObject","@id":"https:\/\/mazaroca.com\/#personlogo","inLanguage":"es-ES","url":"https:\/\/secure.gravatar.com\/avatar\/f98349c6bd8ffc0ba3c4d1737589f84e?s=96&d=blank&r=g","contentUrl":"https:\/\/secure.gravatar.com\/avatar\/f98349c6bd8ffc0ba3c4d1737589f84e?s=96&d=blank&r=g","caption":"adminmazaroca"},"url":"https:\/\/mazaroca.com\/es\/author\/adminmazaroca\/"}]}},"jetpack_featured_media_url":"","jetpack_likes_enabled":true,"jetpack_sharing_enabled":true,"_links":{"self":[{"href":"https:\/\/mazaroca.com\/es\/wp-json\/wp\/v2\/posts\/1641"}],"collection":[{"href":"https:\/\/mazaroca.com\/es\/wp-json\/wp\/v2\/posts"}],"about":[{"href":"https:\/\/mazaroca.com\/es\/wp-json\/wp\/v2\/types\/post"}],"author":[{"embeddable":true,"href":"https:\/\/mazaroca.com\/es\/wp-json\/wp\/v2\/users\/5"}],"replies":[{"embeddable":true,"href":"https:\/\/mazaroca.com\/es\/wp-json\/wp\/v2\/comments?post=1641"}],"version-history":[{"count":2,"href":"https:\/\/mazaroca.com\/es\/wp-json\/wp\/v2\/posts\/1641\/revisions"}],"predecessor-version":[{"id":1659,"href":"https:\/\/mazaroca.com\/es\/wp-json\/wp\/v2\/posts\/1641\/revisions\/1659"}],"wp:attachment":[{"href":"https:\/\/mazaroca.com\/es\/wp-json\/wp\/v2\/media?parent=1641"}],"wp:term":[{"taxonomy":"category","embeddable":true,"href":"https:\/\/mazaroca.com\/es\/wp-json\/wp\/v2\/categories?post=1641"},{"taxonomy":"post_tag","embeddable":true,"href":"https:\/\/mazaroca.com\/es\/wp-json\/wp\/v2\/tags?post=1641"}],"curies":[{"name":"wp","href":"https:\/\/api.w.org\/{rel}","templated":true}]}}