{"id":2339,"date":"2021-11-27T13:30:49","date_gmt":"2021-11-27T13:30:49","guid":{"rendered":"https:\/\/mazaroca.com\/?p=2339"},"modified":"2021-11-27T13:51:27","modified_gmt":"2021-11-27T13:51:27","slug":"novas-restricions-covid","status":"publish","type":"post","link":"https:\/\/mazaroca.com\/fr\/novas-restricions-covid\/","title":{"rendered":"Novas restrici\u00f3ns Covid"},"content":{"rendered":"\n<p>A partir de hoxe est\u00e1n vixentes as novas restrici\u00f3ns COVID polas que nos restaurantes s\u00f3 poder\u00e1 haber 8 persoas por mesa en interior e 15 persoas en terraza. Tam\u00e9n teremos que solicitarvos o pasaporte COVID para interior.<\/p>\n\n\n\n<p>Na Mazaroca estamos preparadas para isto, temos unha gran terraza que dende onte xa ten calefacci\u00f3n, podedes vir a visitarnos e xantar ou cear con total seguridade!!!!<\/p>\n\n\n\n<div class=\"wp-block-image\"><figure class=\"aligncenter size-large is-resized\"><img loading=\"lazy\" decoding=\"async\" src=\"https:\/\/mazaroca.com\/wp-content\/uploads\/2021\/11\/terraza-quente-768x1024.jpeg\" alt=\"\" class=\"wp-image-2342\" width=\"401\" height=\"535\" srcset=\"https:\/\/mazaroca.com\/wp-content\/uploads\/2021\/11\/terraza-quente-768x1024.jpeg 768w, https:\/\/mazaroca.com\/wp-content\/uploads\/2021\/11\/terraza-quente-225x300.jpeg 225w, https:\/\/mazaroca.com\/wp-content\/uploads\/2021\/11\/terraza-quente-1152x1536.jpeg 1152w, https:\/\/mazaroca.com\/wp-content\/uploads\/2021\/11\/terraza-quente-1x1.jpeg 1w, https:\/\/mazaroca.com\/wp-content\/uploads\/2021\/11\/terraza-quente.jpeg 1200w\" sizes=\"(max-width: 401px) 100vw, 401px\" \/><\/figure><\/div>\n\n\n\n<p><\/p>\n","protected":false},"excerpt":{"rendered":"<p>A partir de hoxe est\u00e1n vixentes as novas restrici\u00f3ns COVID polas que nos restaurantes s\u00f3 poder\u00e1 haber 8 persoas por mesa en interior e 15 persoas en terraza. Tam\u00e9n teremos que solicitarvos o pasaporte COVID para interior. Na Mazaroca estamos preparadas para isto, temos unha gran terraza que dende onte xa ten calefacci\u00f3n, podedes vir&#8230;<\/p>\n","protected":false},"author":7,"featured_media":0,"comment_status":"closed","ping_status":"open","sticky":false,"template":"","format":"standard","meta":{"_mi_skip_tracking":false,"_monsterinsights_sitenote_active":false,"_monsterinsights_sitenote_note":"","_monsterinsights_sitenote_category":0,"_jetpack_memberships_contains_paid_content":false,"footnotes":""},"categories":[53],"tags":[],"yoast_head":"<!-- This site is optimized with the Yoast SEO plugin v17.5 - https:\/\/yoast.com\/wordpress\/plugins\/seo\/ -->\n<title>Novas restrici\u00f3ns Covid - A Casa de Rosa de Mazaroca<\/title>\n<meta name=\"robots\" content=\"index, follow, max-snippet:-1, max-image-preview:large, max-video-preview:-1\" \/>\n<link rel=\"canonical\" href=\"https:\/\/mazaroca.com\/novas-restricions-covid\/\" \/>\n<meta property=\"og:locale\" content=\"fr_FR\" \/>\n<meta property=\"og:locale:alternate\" content=\"en_US\" \/>\n<meta property=\"og:locale:alternate\" content=\"es_ES\" \/>\n<meta property=\"og:locale:alternate\" content=\"gl_ES\" \/>\n<meta property=\"og:type\" content=\"article\" \/>\n<meta property=\"og:title\" content=\"Novas restrici\u00f3ns Covid\" \/>\n<meta property=\"og:description\" content=\"A partir de hoxe est\u00e1n vixentes as novas restrici\u00f3ns COVID polas que nos restaurantes s\u00f3 poder\u00e1 haber 8 persoas por mesa en interior e 15 persoas en terraza. Tam\u00e9n teremos que solicitarvos o pasaporte COVID para interior. Na Mazaroca estamos preparadas para isto, temos unha gran terraza que dende onte xa ten calefacci\u00f3n, podedes vir...\" \/>\n<meta property=\"og:url\" content=\"https:\/\/mazaroca.com\/fr\/novas-restricions-covid\/\" \/>\n<meta property=\"og:site_name\" content=\"A Casa de Rosa de Mazaroca\" \/>\n<meta property=\"article:publisher\" content=\"https:\/\/www.facebook.com\/RosaMazaroca\" \/>\n<meta property=\"article:published_time\" content=\"2021-11-27T13:30:49+00:00\" \/>\n<meta property=\"article:modified_time\" content=\"2021-11-27T13:51:27+00:00\" \/>\n<meta property=\"og:image\" content=\"https:\/\/mazaroca.com\/wp-content\/uploads\/2021\/11\/terraza-quente-768x1024.jpeg\" \/>\n<meta name=\"twitter:card\" content=\"summary_large_image\" \/>\n<meta name=\"twitter:creator\" content=\"@RosaMazaroca\" \/>\n<meta name=\"twitter:site\" content=\"@RosaMazaroca\" \/>\n<meta name=\"twitter:label1\" content=\"\u00c9crit par\" \/>\n\t<meta name=\"twitter:data1\" content=\"Mucha\" \/>\n\t<meta name=\"twitter:label2\" content=\"Dur\u00e9e de lecture est.\" \/>\n\t<meta name=\"twitter:data2\" content=\"1 minute\" \/>\n<script type=\"application\/ld+json\" class=\"yoast-schema-graph\">{\"@context\":\"https:\/\/schema.org\",\"@graph\":[{\"@type\":\"Organization\",\"@id\":\"https:\/\/mazaroca.com\/#organization\",\"name\":\"A Casa de Rosa de Mazaroca\",\"url\":\"https:\/\/mazaroca.com\/\",\"sameAs\":[\"https:\/\/www.facebook.com\/RosaMazaroca\",\"http:\/\/www.instagram.com\/rosamazaroca\",\"https:\/\/twitter.com\/RosaMazaroca\"],\"logo\":{\"@type\":\"ImageObject\",\"@id\":\"https:\/\/mazaroca.com\/#logo\",\"inLanguage\":\"fr-FR\",\"url\":\"https:\/\/mazaroca.com\/wp-content\/uploads\/2018\/12\/logo-mazaroca-1.jpg\",\"contentUrl\":\"https:\/\/mazaroca.com\/wp-content\/uploads\/2018\/12\/logo-mazaroca-1.jpg\",\"width\":675,\"height\":89,\"caption\":\"A Casa de Rosa de Mazaroca\"},\"image\":{\"@id\":\"https:\/\/mazaroca.com\/#logo\"}},{\"@type\":\"WebSite\",\"@id\":\"https:\/\/mazaroca.com\/#website\",\"url\":\"https:\/\/mazaroca.com\/\",\"name\":\"A Casa de Rosa de Mazaroca\",\"description\":\"Restaurant de cuisine traditionnelle galicienne avec une touche d&#039;innovation\",\"publisher\":{\"@id\":\"https:\/\/mazaroca.com\/#organization\"},\"potentialAction\":[{\"@type\":\"SearchAction\",\"target\":{\"@type\":\"EntryPoint\",\"urlTemplate\":\"https:\/\/mazaroca.com\/?s={search_term_string}\"},\"query-input\":\"required name=search_term_string\"}],\"inLanguage\":\"fr-FR\"},{\"@type\":\"ImageObject\",\"@id\":\"https:\/\/mazaroca.com\/novas-restricions-covid\/#primaryimage\",\"inLanguage\":\"fr-FR\",\"url\":\"https:\/\/mazaroca.com\/wp-content\/uploads\/2021\/11\/terraza-quente.jpeg\",\"contentUrl\":\"https:\/\/mazaroca.com\/wp-content\/uploads\/2021\/11\/terraza-quente.jpeg\",\"width\":1200,\"height\":1600},{\"@type\":\"WebPage\",\"@id\":\"https:\/\/mazaroca.com\/novas-restricions-covid\/#webpage\",\"url\":\"https:\/\/mazaroca.com\/novas-restricions-covid\/\",\"name\":\"[:gl]Novas restrici\\u00f3ns Covid[:] - A Casa de Rosa de Mazaroca\",\"isPartOf\":{\"@id\":\"https:\/\/mazaroca.com\/#website\"},\"primaryImageOfPage\":{\"@id\":\"https:\/\/mazaroca.com\/novas-restricions-covid\/#primaryimage\"},\"datePublished\":\"2021-11-27T13:30:49+00:00\",\"dateModified\":\"2021-11-27T13:51:27+00:00\",\"breadcrumb\":{\"@id\":\"https:\/\/mazaroca.com\/novas-restricions-covid\/#breadcrumb\"},\"inLanguage\":\"fr-FR\",\"potentialAction\":[{\"@type\":\"ReadAction\",\"target\":[\"https:\/\/mazaroca.com\/novas-restricions-covid\/\"]}]},{\"@type\":\"BreadcrumbList\",\"@id\":\"https:\/\/mazaroca.com\/novas-restricions-covid\/#breadcrumb\",\"itemListElement\":[{\"@type\":\"ListItem\",\"position\":1,\"name\":\"Portada\",\"item\":\"https:\/\/mazaroca.com\/es\/\"},{\"@type\":\"ListItem\",\"position\":2,\"name\":\"Novas restrici\\u00f3ns Covid\"}]},{\"@type\":\"Article\",\"@id\":\"https:\/\/mazaroca.com\/novas-restricions-covid\/#article\",\"isPartOf\":{\"@id\":\"https:\/\/mazaroca.com\/novas-restricions-covid\/#webpage\"},\"author\":{\"@id\":\"https:\/\/mazaroca.com\/#\/schema\/person\/db8c52d05210d8c49b05b4ee228060b9\"},\"headline\":\"Novas restrici\\u00f3ns Covid\",\"datePublished\":\"2021-11-27T13:30:49+00:00\",\"dateModified\":\"2021-11-27T13:51:27+00:00\",\"mainEntityOfPage\":{\"@id\":\"https:\/\/mazaroca.com\/novas-restricions-covid\/#webpage\"},\"wordCount\":72,\"publisher\":{\"@id\":\"https:\/\/mazaroca.com\/#organization\"},\"image\":{\"@id\":\"https:\/\/mazaroca.com\/novas-restricions-covid\/#primaryimage\"},\"thumbnailUrl\":\"https:\/\/mazaroca.com\/wp-content\/uploads\/2021\/11\/terraza-quente-768x1024.jpeg\",\"articleSection\":[\"novas\"],\"inLanguage\":\"fr-FR\"},{\"@type\":\"Person\",\"@id\":\"https:\/\/mazaroca.com\/#\/schema\/person\/db8c52d05210d8c49b05b4ee228060b9\",\"name\":\"Mucha\",\"image\":{\"@type\":\"ImageObject\",\"@id\":\"https:\/\/mazaroca.com\/#personlogo\",\"inLanguage\":\"fr-FR\",\"url\":\"https:\/\/secure.gravatar.com\/avatar\/9dc96450ba7af62b255d997258951411?s=96&d=blank&r=g\",\"contentUrl\":\"https:\/\/secure.gravatar.com\/avatar\/9dc96450ba7af62b255d997258951411?s=96&d=blank&r=g\",\"caption\":\"Mucha\"},\"url\":\"https:\/\/mazaroca.com\/fr\/author\/mucha\/\"}]}<\/script>\n<!-- \/ Yoast SEO plugin. -->","yoast_head_json":{"title":"Novas restrici\u00f3ns Covid - A Casa de Rosa de Mazaroca","robots":{"index":"index","follow":"follow","max-snippet":"max-snippet:-1","max-image-preview":"max-image-preview:large","max-video-preview":"max-video-preview:-1"},"canonical":"https:\/\/mazaroca.com\/novas-restricions-covid\/","og_locale":"fr_FR","og_type":"article","og_title":"[:gl]Novas restrici\u00f3ns Covid[:] - A Casa de Rosa de Mazaroca","og_description":"A partir de hoxe est\u00e1n vixentes as novas restrici\u00f3ns COVID polas que nos restaurantes s\u00f3 poder\u00e1 haber 8 persoas por mesa en interior e 15 persoas en terraza. Tam\u00e9n teremos que solicitarvos o pasaporte COVID para interior. Na Mazaroca estamos preparadas para isto, temos unha gran terraza que dende onte xa ten calefacci\u00f3n, podedes vir...","og_url":"https:\/\/mazaroca.com\/fr\/novas-restricions-covid\/","og_site_name":"A Casa de Rosa de Mazaroca","article_publisher":"https:\/\/www.facebook.com\/RosaMazaroca","article_published_time":"2021-11-27T13:30:49+00:00","article_modified_time":"2021-11-27T13:51:27+00:00","og_image":[{"url":"https:\/\/mazaroca.com\/wp-content\/uploads\/2021\/11\/terraza-quente-768x1024.jpeg"}],"twitter_card":"summary_large_image","twitter_creator":"@RosaMazaroca","twitter_site":"@RosaMazaroca","twitter_misc":{"\u00c9crit par":"Mucha","Dur\u00e9e de lecture est.":"1 minute"},"schema":{"@context":"https:\/\/schema.org","@graph":[{"@type":"Organization","@id":"https:\/\/mazaroca.com\/#organization","name":"A Casa de Rosa de Mazaroca","url":"https:\/\/mazaroca.com\/","sameAs":["https:\/\/www.facebook.com\/RosaMazaroca","http:\/\/www.instagram.com\/rosamazaroca","https:\/\/twitter.com\/RosaMazaroca"],"logo":{"@type":"ImageObject","@id":"https:\/\/mazaroca.com\/#logo","inLanguage":"fr-FR","url":"https:\/\/mazaroca.com\/wp-content\/uploads\/2018\/12\/logo-mazaroca-1.jpg","contentUrl":"https:\/\/mazaroca.com\/wp-content\/uploads\/2018\/12\/logo-mazaroca-1.jpg","width":675,"height":89,"caption":"A Casa de Rosa de Mazaroca"},"image":{"@id":"https:\/\/mazaroca.com\/#logo"}},{"@type":"WebSite","@id":"https:\/\/mazaroca.com\/#website","url":"https:\/\/mazaroca.com\/","name":"A Casa de Rosa de Mazaroca","description":"Restaurant de cuisine traditionnelle galicienne avec une touche d&#039;innovation","publisher":{"@id":"https:\/\/mazaroca.com\/#organization"},"potentialAction":[{"@type":"SearchAction","target":{"@type":"EntryPoint","urlTemplate":"https:\/\/mazaroca.com\/?s={search_term_string}"},"query-input":"required name=search_term_string"}],"inLanguage":"fr-FR"},{"@type":"ImageObject","@id":"https:\/\/mazaroca.com\/novas-restricions-covid\/#primaryimage","inLanguage":"fr-FR","url":"https:\/\/mazaroca.com\/wp-content\/uploads\/2021\/11\/terraza-quente.jpeg","contentUrl":"https:\/\/mazaroca.com\/wp-content\/uploads\/2021\/11\/terraza-quente.jpeg","width":1200,"height":1600},{"@type":"WebPage","@id":"https:\/\/mazaroca.com\/novas-restricions-covid\/#webpage","url":"https:\/\/mazaroca.com\/novas-restricions-covid\/","name":"[:gl]Novas restrici\u00f3ns Covid[:] - A Casa de Rosa de Mazaroca","isPartOf":{"@id":"https:\/\/mazaroca.com\/#website"},"primaryImageOfPage":{"@id":"https:\/\/mazaroca.com\/novas-restricions-covid\/#primaryimage"},"datePublished":"2021-11-27T13:30:49+00:00","dateModified":"2021-11-27T13:51:27+00:00","breadcrumb":{"@id":"https:\/\/mazaroca.com\/novas-restricions-covid\/#breadcrumb"},"inLanguage":"fr-FR","potentialAction":[{"@type":"ReadAction","target":["https:\/\/mazaroca.com\/novas-restricions-covid\/"]}]},{"@type":"BreadcrumbList","@id":"https:\/\/mazaroca.com\/novas-restricions-covid\/#breadcrumb","itemListElement":[{"@type":"ListItem","position":1,"name":"Portada","item":"https:\/\/mazaroca.com\/es\/"},{"@type":"ListItem","position":2,"name":"Novas restrici\u00f3ns Covid"}]},{"@type":"Article","@id":"https:\/\/mazaroca.com\/novas-restricions-covid\/#article","isPartOf":{"@id":"https:\/\/mazaroca.com\/novas-restricions-covid\/#webpage"},"author":{"@id":"https:\/\/mazaroca.com\/#\/schema\/person\/db8c52d05210d8c49b05b4ee228060b9"},"headline":"Novas restrici\u00f3ns Covid","datePublished":"2021-11-27T13:30:49+00:00","dateModified":"2021-11-27T13:51:27+00:00","mainEntityOfPage":{"@id":"https:\/\/mazaroca.com\/novas-restricions-covid\/#webpage"},"wordCount":72,"publisher":{"@id":"https:\/\/mazaroca.com\/#organization"},"image":{"@id":"https:\/\/mazaroca.com\/novas-restricions-covid\/#primaryimage"},"thumbnailUrl":"https:\/\/mazaroca.com\/wp-content\/uploads\/2021\/11\/terraza-quente-768x1024.jpeg","articleSection":["novas"],"inLanguage":"fr-FR"},{"@type":"Person","@id":"https:\/\/mazaroca.com\/#\/schema\/person\/db8c52d05210d8c49b05b4ee228060b9","name":"Mucha","image":{"@type":"ImageObject","@id":"https:\/\/mazaroca.com\/#personlogo","inLanguage":"fr-FR","url":"https:\/\/secure.gravatar.com\/avatar\/9dc96450ba7af62b255d997258951411?s=96&d=blank&r=g","contentUrl":"https:\/\/secure.gravatar.com\/avatar\/9dc96450ba7af62b255d997258951411?s=96&d=blank&r=g","caption":"Mucha"},"url":"https:\/\/mazaroca.com\/fr\/author\/mucha\/"}]}},"jetpack_featured_media_url":"","jetpack_likes_enabled":true,"jetpack_sharing_enabled":true,"_links":{"self":[{"href":"https:\/\/mazaroca.com\/fr\/wp-json\/wp\/v2\/posts\/2339"}],"collection":[{"href":"https:\/\/mazaroca.com\/fr\/wp-json\/wp\/v2\/posts"}],"about":[{"href":"https:\/\/mazaroca.com\/fr\/wp-json\/wp\/v2\/types\/post"}],"author":[{"embeddable":true,"href":"https:\/\/mazaroca.com\/fr\/wp-json\/wp\/v2\/users\/7"}],"replies":[{"embeddable":true,"href":"https:\/\/mazaroca.com\/fr\/wp-json\/wp\/v2\/comments?post=2339"}],"version-history":[{"count":2,"href":"https:\/\/mazaroca.com\/fr\/wp-json\/wp\/v2\/posts\/2339\/revisions"}],"predecessor-version":[{"id":2343,"href":"https:\/\/mazaroca.com\/fr\/wp-json\/wp\/v2\/posts\/2339\/revisions\/2343"}],"wp:attachment":[{"href":"https:\/\/mazaroca.com\/fr\/wp-json\/wp\/v2\/media?parent=2339"}],"wp:term":[{"taxonomy":"category","embeddable":true,"href":"https:\/\/mazaroca.com\/fr\/wp-json\/wp\/v2\/categories?post=2339"},{"taxonomy":"post_tag","embeddable":true,"href":"https:\/\/mazaroca.com\/fr\/wp-json\/wp\/v2\/tags?post=2339"}],"curies":[{"name":"wp","href":"https:\/\/api.w.org\/{rel}","templated":true}]}}